{"id":3151,"date":"2024-12-08T10:27:18","date_gmt":"2024-12-08T09:27:18","guid":{"rendered":"https:\/\/carolin-emcke.de\/kultur-wozu\/"},"modified":"2025-05-20T10:29:17","modified_gmt":"2025-05-20T08:29:17","slug":"kultur-wozu","status":"publish","type":"post","link":"https:\/\/carolin-emcke.de\/en\/kultur-wozu\/","title":{"rendered":"Kultur wozu?"},"content":{"rendered":"<p>Carolin Emcke im Gespr\u00e4ch mit Joe Chialo (Berliner Senator f\u00fcr Kultur und Gesellschaftlichen Zusammenhalt), Menekse Wenzler (Verwaltungsdirektorin Deutsches Technikmuseum Berlin), Jens Hillje (K\u00fcnstlerische Leitung und Gesch\u00e4ftsf\u00fchrung Sophiens\u00e4le Berlin).<\/p>\n","protected":false},"excerpt":{"rendered":"<p>Carolin Emcke im Gespr\u00e4ch mit Joe Chialo (Berliner Senator f\u00fcr Kultur und Gesellschaftlichen Zusammenhalt), Menekse Wenzler (Verwaltungsdirektorin Deutsches Technikmuseum Berlin), Jens Hillje (K\u00fcnstlerische Leitung und Gesch\u00e4ftsf\u00fchrung Sophiens\u00e4le Berlin).<\/p>\n","protected":false},"author":1,"featured_media":3149,"comment_status":"closed","ping_status":"closed","sticky":false,"template":"","format":"standard","meta":{"footnotes":""},"categories":[306],"tags":[],"class_list":["post-3151","post","type-post","status-publish","format-standard","has-post-thumbnail","hentry","category-streitraum-24-25-en","has-post-video"],"_links":{"self":[{"href":"https:\/\/carolin-emcke.de\/en\/wp-json\/wp\/v2\/posts\/3151","targetHints":{"allow":["GET"]}}],"collection":[{"href":"https:\/\/carolin-emcke.de\/en\/wp-json\/wp\/v2\/posts"}],"about":[{"href":"https:\/\/carolin-emcke.de\/en\/wp-json\/wp\/v2\/types\/post"}],"author":[{"embeddable":true,"href":"https:\/\/carolin-emcke.de\/en\/wp-json\/wp\/v2\/users\/1"}],"replies":[{"embeddable":true,"href":"https:\/\/carolin-emcke.de\/en\/wp-json\/wp\/v2\/comments?post=3151"}],"version-history":[{"count":1,"href":"https:\/\/carolin-emcke.de\/en\/wp-json\/wp\/v2\/posts\/3151\/revisions"}],"predecessor-version":[{"id":3152,"href":"https:\/\/carolin-emcke.de\/en\/wp-json\/wp\/v2\/posts\/3151\/revisions\/3152"}],"wp:featuredmedia":[{"embeddable":true,"href":"https:\/\/carolin-emcke.de\/en\/wp-json\/wp\/v2\/media\/3149"}],"wp:attachment":[{"href":"https:\/\/carolin-emcke.de\/en\/wp-json\/wp\/v2\/media?parent=3151"}],"wp:term":[{"taxonomy":"category","embeddable":true,"href":"https:\/\/carolin-emcke.de\/en\/wp-json\/wp\/v2\/categories?post=3151"},{"taxonomy":"post_tag","embeddable":true,"href":"https:\/\/carolin-emcke.de\/en\/wp-json\/wp\/v2\/tags?post=3151"}],"curies":[{"name":"wp","href":"https:\/\/api.w.org\/{rel}","templated":true}]}}