{"id":2471,"date":"2021-08-29T17:22:43","date_gmt":"2021-08-29T15:22:43","guid":{"rendered":"https:\/\/carolin-emcke.de\/es-ist-nicht-vorbei\/"},"modified":"2021-09-14T17:23:08","modified_gmt":"2021-09-14T15:23:08","slug":"es-ist-nicht-vorbei","status":"publish","type":"post","link":"https:\/\/carolin-emcke.de\/en\/es-ist-nicht-vorbei\/","title":{"rendered":"Es ist nicht vorbei"},"content":{"rendered":"<p>Der Krieg um ein besseres Afghanistan wurde nicht erst in diesen Tagen und nicht nur in Kabul verloren, sondern endlos oft zuvor. Es ist an allen, die politischen Entscheidungen zu \u00fcberpr\u00fcfen und humanit\u00e4re Verantwortung zu \u00fcbernehmen.<\/p>\n<p><a href=\"https:\/\/www.sueddeutsche.de\/meinung\/afghanistan-usa-nato-1.5393761\">SZ-Kolumne vom 28. August<\/a><\/p>\n","protected":false},"excerpt":{"rendered":"<p>Der Krieg um ein besseres Afghanistan wurde nicht erst in diesen Tagen und nicht nur in Kabul verloren, sondern endlos oft zuvor. Es ist an allen, die politischen Entscheidungen zu \u00fcberpr\u00fcfen und humanit\u00e4re Verantwortung zu \u00fcbernehmen. <\/br><a href=\"https:\/\/www.sueddeutsche.de\/meinung\/afghanistan-usa-nato-1.5393761\">SZ-Kolumne vom 28. August<\/a><\/p>\n","protected":false},"author":4,"featured_media":0,"comment_status":"closed","ping_status":"closed","sticky":false,"template":"","format":"standard","meta":{"footnotes":""},"categories":[162],"tags":[],"class_list":["post-2471","post","type-post","status-publish","format-standard","hentry","category-columns"],"_links":{"self":[{"href":"https:\/\/carolin-emcke.de\/en\/wp-json\/wp\/v2\/posts\/2471","targetHints":{"allow":["GET"]}}],"collection":[{"href":"https:\/\/carolin-emcke.de\/en\/wp-json\/wp\/v2\/posts"}],"about":[{"href":"https:\/\/carolin-emcke.de\/en\/wp-json\/wp\/v2\/types\/post"}],"author":[{"embeddable":true,"href":"https:\/\/carolin-emcke.de\/en\/wp-json\/wp\/v2\/users\/4"}],"replies":[{"embeddable":true,"href":"https:\/\/carolin-emcke.de\/en\/wp-json\/wp\/v2\/comments?post=2471"}],"version-history":[{"count":1,"href":"https:\/\/carolin-emcke.de\/en\/wp-json\/wp\/v2\/posts\/2471\/revisions"}],"predecessor-version":[{"id":2472,"href":"https:\/\/carolin-emcke.de\/en\/wp-json\/wp\/v2\/posts\/2471\/revisions\/2472"}],"wp:attachment":[{"href":"https:\/\/carolin-emcke.de\/en\/wp-json\/wp\/v2\/media?parent=2471"}],"wp:term":[{"taxonomy":"category","embeddable":true,"href":"https:\/\/carolin-emcke.de\/en\/wp-json\/wp\/v2\/categories?post=2471"},{"taxonomy":"post_tag","embeddable":true,"href":"https:\/\/carolin-emcke.de\/en\/wp-json\/wp\/v2\/tags?post=2471"}],"curies":[{"name":"wp","href":"https:\/\/api.w.org\/{rel}","templated":true}]}}