{"id":2295,"date":"2021-01-27T15:02:36","date_gmt":"2021-01-27T14:02:36","guid":{"rendered":"https:\/\/carolin-emcke.de\/corona-und-die-kultur\/"},"modified":"2021-01-27T15:02:36","modified_gmt":"2021-01-27T14:02:36","slug":"corona-und-die-kultur","status":"publish","type":"post","link":"https:\/\/carolin-emcke.de\/en\/corona-und-die-kultur\/","title":{"rendered":"Corona und die Kultur"},"content":{"rendered":"<div class=\"ohneAbstand\">\n<p>Carolin Emcke im Gespr\u00e4ch mit Stephan Behrmann (Gesch\u00e4ftsf\u00fchrer Bundesverband Freie Darstellende K\u00fcnste \/ Sprecher Allianz der Freien K\u00fcnste),\u00a0Thomas Kufus (Filmproduzent und Gesch\u00e4ftsf\u00fchrer der zero one film) und Anna Prohaska(Sopranistin).<\/p>\n<p><span class=\"red\"><em><strong><!--more--><\/strong><\/em><\/span><\/p>\n<p>Was bedeutet die Pandemie f\u00fcr die einzigartige Landschaft der Kunst und Kultur in Deutschland? Sind Musik und Theater, Film und Tanz wirklich so wenig system-relevant, so unverzichtbar wie die ersten politischen Reaktionen es suggerierten? Welche \u00f6konomischen, welche logistischen, welche sozialen Auswirkungen haben die Beschr\u00e4nkungen f\u00fcr freie Ensemble oder K\u00fcnstler_innen? Wie wird sich langfristig die Kultur-Szene ver\u00e4ndern unter dem \u00f6konomischen Druck und m\u00f6glicherweise auch der eingeschr\u00e4nkten Mobilit\u00e4t, die auch die n\u00e4chsten Jahre dominieren werden? Was sollte sich auch \u00e4ndern, was muss unbedingt bleiben?<\/p>\n<p>STEPHAN BEHRMANN (*1970, Berlin)\u00a0studierte an der Berliner Humboldt Universit\u00e4t Theaterwissenschaft \/ Kulturelle Kommunikation, Germanistik und Romanistik. Seit Mitte der 90er Jahre arbeitet er als Dramaturg an verschiedenen Theatern. Er ist\u00a0Sprecher der Allianz der Freien K\u00fcnste und Gesch\u00e4ftsf\u00fchrer des Bundesverbandes Freie Darstellende K\u00fcnste.<\/p>\n<p>THOMAS KUFUS (*1957, Essen)\u00a0ist Produzent und Gesch\u00e4ftsf\u00fchrer der zero one film. Er z\u00e4hlt zu den aktivsten unabh\u00e4ngigen Filmproduzenten in Deutschland. Er ist Mitglied der Europ\u00e4ischen Filmakademie und der Deutschen Filmakademie, deren Vorsitzender er von 2009 bis 2015 gewesen ist.<\/p>\n<p>ANNA PROHASKA (*1983, Neu-Ulm) ist Sopranistin und\u00a0studierte an der Hochschule f\u00fcr Musik\u00a0\u00bbHanns Eisler\u00ab\u00a0Berlin. Mit der Staatsoper Unter den Linden ist sie seit 2003 fest verbunden. Sie gastierte u. a. an den Opernh\u00e4usern von Mailand, London, Paris, Moskau, Wien und Tokio sowie bei den Festspielen von Baden-Baden, Salzburg und\u00a0Aix-en-Provence und arbeitete\u00a0u.a. mit\u00a0Michael Thalheimer, Katie Mitchell, Jossi Wieler, J\u00fcrgen Flimm und Christoph Schlingensief zusammen.<\/p>\n<h1>Streitraum 2020\/21: Die andere Schock-Therapie \u2013 welche Gesellschaft wollen wir \u00bbnach\u00ab COVID-19 sein?<\/h1>\n<p>Die Krise der Pandemie wirkt wie ein Kontrastmittel, das in die Gesellschaft injiziert wurde und sichtbar macht, woran wir leiden, was uns schw\u00e4cht oder sch\u00e4digt, aber auch, was unverzichtbar ist, was besser umverteilt, st\u00e4rker unterst\u00fctzt oder ausgebaut geh\u00f6rt. Schon vor dem Ausbruch von Corona gab es nicht nur eine soziale Frage, sondern soziale Fragen im Plural: Wie l\u00e4sst sich die soziale Ungleichheit bek\u00e4mpfen? Wie die Ausgrenzung \u00f6konomisch und kulturell Marginalisierter gemeinsam verhandeln? Wie wird der Wert der menschlichen Arbeit bemessen im Zeitalter von K\u00fcnstlicher Intelligenz und Digitalisierung? Wie l\u00e4sst sich die Aush\u00f6hlung der \u00f6ffentlichen Infrastruktur stoppen, die \u00d6konomisierung aller Lebensbereiche? Wie kann eine \u00f6kologische Transformation der Landwirtschaft, der Verkehrspolitik, der Wirtschaft aussehen, die die Kosten gerecht verteilt? Politische Lethargie oder Widerwille haben bislang verhindert, dass diese Fragen beantwortet wurden. Aber einige Parameter des politischen Diskurses haben sich gerade ver\u00e4ndert, das neoliberale Dogma der Deregulierung gilt nicht mehr ungebrochen. Wie wichtig soziale Wohlfahrtssysteme sind, wie unverzichtbar Investitionen im Gesundheitswesen und ordentliche Geh\u00e4lter, aber auch wie antastbar die Schuldenbremse ist, all das l\u00e4sst sich nicht mehr leugnen.<\/p>\n<p>Wie l\u00e4sst sich verhindern, dass all diese Lehren sofort wieder vergessen werden, sobald die Krise \u00bbvorbei\u00ab ist, welche politischen, sozialen Utopien braucht es jetzt, wie soll eine andere Normalit\u00e4t gedacht werden?<\/p>\n<p>Der Streitraum ist eine monatliche Diskussionsveranstaltung an der Schaub\u00fchne und wird seit 2004 von der Publizistin und Autorin Carolin Emcke moderiert und kuratiert. Eingeladen werden Wissenschaftler_innen, Autor_innen, Politiker_innen, K\u00fcnstler_innen und andere Personen des \u00f6ffentlichen Lebens. Der Streitraum behandelt in jeder Spielzeit ein anderes Thema. Alle neun Ausgaben werden auch live im Internet \u00fcbertragen.<\/p>\n<\/div>\n","protected":false},"excerpt":{"rendered":"<p>Carolin Emcke im Gespr\u00e4ch mit Stephan Behrmann (Gesch\u00e4ftsf\u00fchrer Bundesverband Freie Darstellende K\u00fcnste \/ Sprecher Allianz der Freien K\u00fcnste),\u00a0Thomas Kufus (Filmproduzent und Gesch\u00e4ftsf\u00fchrer der zero one film) und Anna Prohaska(Sopranistin).<\/p>\n","protected":false},"author":4,"featured_media":2293,"comment_status":"closed","ping_status":"closed","sticky":false,"template":"","format":"standard","meta":{"footnotes":""},"categories":[258],"tags":[],"class_list":["post-2295","post","type-post","status-publish","format-standard","has-post-thumbnail","hentry","category-streitraum2021-en","has-post-video"],"_links":{"self":[{"href":"https:\/\/carolin-emcke.de\/en\/wp-json\/wp\/v2\/posts\/2295","targetHints":{"allow":["GET"]}}],"collection":[{"href":"https:\/\/carolin-emcke.de\/en\/wp-json\/wp\/v2\/posts"}],"about":[{"href":"https:\/\/carolin-emcke.de\/en\/wp-json\/wp\/v2\/types\/post"}],"author":[{"embeddable":true,"href":"https:\/\/carolin-emcke.de\/en\/wp-json\/wp\/v2\/users\/4"}],"replies":[{"embeddable":true,"href":"https:\/\/carolin-emcke.de\/en\/wp-json\/wp\/v2\/comments?post=2295"}],"version-history":[{"count":1,"href":"https:\/\/carolin-emcke.de\/en\/wp-json\/wp\/v2\/posts\/2295\/revisions"}],"predecessor-version":[{"id":2296,"href":"https:\/\/carolin-emcke.de\/en\/wp-json\/wp\/v2\/posts\/2295\/revisions\/2296"}],"wp:featuredmedia":[{"embeddable":true,"href":"https:\/\/carolin-emcke.de\/en\/wp-json\/wp\/v2\/media\/2293"}],"wp:attachment":[{"href":"https:\/\/carolin-emcke.de\/en\/wp-json\/wp\/v2\/media?parent=2295"}],"wp:term":[{"taxonomy":"category","embeddable":true,"href":"https:\/\/carolin-emcke.de\/en\/wp-json\/wp\/v2\/categories?post=2295"},{"taxonomy":"post_tag","embeddable":true,"href":"https:\/\/carolin-emcke.de\/en\/wp-json\/wp\/v2\/tags?post=2295"}],"curies":[{"name":"wp","href":"https:\/\/api.w.org\/{rel}","templated":true}]}}