{"id":2239,"date":"2020-08-28T09:58:57","date_gmt":"2020-08-28T07:58:57","guid":{"rendered":"https:\/\/carolin-emcke.de\/weil-man-ihn-laesst\/"},"modified":"2020-08-28T09:58:57","modified_gmt":"2020-08-28T07:58:57","slug":"weil-man-ihn-laesst","status":"publish","type":"post","link":"https:\/\/carolin-emcke.de\/en\/weil-man-ihn-laesst\/","title":{"rendered":"Weil man ihn l\u00e4sst"},"content":{"rendered":"<p>Europa blickt emp\u00f6rt auf die Bilder vom Fall Nawalny. Doch auch die Haltung der EU erm\u00f6glicht die politischen Verbrechen von Putins Regime.<\/p>\n<p><a href=\"https:\/\/www.sueddeutsche.de\/politik\/nawalny-putin-emcke-kolumne-1.5012101\">SZ-Kolumne vom 28. August\u00a0<\/a><\/p>\n","protected":false},"excerpt":{"rendered":"<p>Europa blickt emp\u00f6rt auf die Bilder vom Fall Nawalny. Doch auch die Haltung der EU erm\u00f6glicht die politischen Verbrechen von Putins Regime. <\/br><a href=\"https:\/\/www.sueddeutsche.de\/politik\/nawalny-putin-emcke-kolumne-1.5012101\">SZ-Kolumne vom 28. August<\/a><\/p>\n","protected":false},"author":4,"featured_media":0,"comment_status":"closed","ping_status":"closed","sticky":false,"template":"","format":"standard","meta":{"footnotes":""},"categories":[162],"tags":[],"class_list":["post-2239","post","type-post","status-publish","format-standard","hentry","category-columns"],"_links":{"self":[{"href":"https:\/\/carolin-emcke.de\/en\/wp-json\/wp\/v2\/posts\/2239","targetHints":{"allow":["GET"]}}],"collection":[{"href":"https:\/\/carolin-emcke.de\/en\/wp-json\/wp\/v2\/posts"}],"about":[{"href":"https:\/\/carolin-emcke.de\/en\/wp-json\/wp\/v2\/types\/post"}],"author":[{"embeddable":true,"href":"https:\/\/carolin-emcke.de\/en\/wp-json\/wp\/v2\/users\/4"}],"replies":[{"embeddable":true,"href":"https:\/\/carolin-emcke.de\/en\/wp-json\/wp\/v2\/comments?post=2239"}],"version-history":[{"count":0,"href":"https:\/\/carolin-emcke.de\/en\/wp-json\/wp\/v2\/posts\/2239\/revisions"}],"wp:attachment":[{"href":"https:\/\/carolin-emcke.de\/en\/wp-json\/wp\/v2\/media?parent=2239"}],"wp:term":[{"taxonomy":"category","embeddable":true,"href":"https:\/\/carolin-emcke.de\/en\/wp-json\/wp\/v2\/categories?post=2239"},{"taxonomy":"post_tag","embeddable":true,"href":"https:\/\/carolin-emcke.de\/en\/wp-json\/wp\/v2\/tags?post=2239"}],"curies":[{"name":"wp","href":"https:\/\/api.w.org\/{rel}","templated":true}]}}