{"id":2120,"date":"2020-04-21T19:14:29","date_gmt":"2020-04-21T17:14:29","guid":{"rendered":"https:\/\/carolin-emcke.de\/wie-tragfaehig-ist-das-neue-wir-gefuehl\/"},"modified":"2020-04-21T19:19:48","modified_gmt":"2020-04-21T17:19:48","slug":"wie-tragfaehig-ist-das-neue-wir-gefuehl","status":"publish","type":"post","link":"https:\/\/carolin-emcke.de\/en\/wie-tragfaehig-ist-das-neue-wir-gefuehl\/","title":{"rendered":"Wie tragf\u00e4hig ist das neue \u201eWir\u201c-Gef\u00fchl?"},"content":{"rendered":"<p>\u00dcber Corona und kollektive Identit\u00e4ten &#8211;\u00a0Carolin Emcke im Gespr\u00e4ch mit Ren\u00e9 Aguigah<\/p>\n<p><a href=\"https:\/\/www.deutschlandfunkkultur.de\/carolin-emcke-ueber-corona-und-kollektive-identitaeten-wie.2162.de.html?dram:article_id=474912\">Zum Beitrag bei Deutschlandfunk Kultur<\/a><\/p>\n","protected":false},"excerpt":{"rendered":"<p>\u00dcber Corona und kollektive Identit\u00e4ten &#8211;\u00a0Carolin Emcke im Gespr\u00e4ch mit Ren\u00e9 Aguigah Zum Beitrag bei Deutschlandfunk Kultur<\/p>\n","protected":false},"author":4,"featured_media":0,"comment_status":"closed","ping_status":"closed","sticky":false,"template":"","format":"standard","meta":{"footnotes":""},"categories":[157],"tags":[],"class_list":["post-2120","post","type-post","status-publish","format-standard","hentry","category-interviews-and-speeches"],"_links":{"self":[{"href":"https:\/\/carolin-emcke.de\/en\/wp-json\/wp\/v2\/posts\/2120","targetHints":{"allow":["GET"]}}],"collection":[{"href":"https:\/\/carolin-emcke.de\/en\/wp-json\/wp\/v2\/posts"}],"about":[{"href":"https:\/\/carolin-emcke.de\/en\/wp-json\/wp\/v2\/types\/post"}],"author":[{"embeddable":true,"href":"https:\/\/carolin-emcke.de\/en\/wp-json\/wp\/v2\/users\/4"}],"replies":[{"embeddable":true,"href":"https:\/\/carolin-emcke.de\/en\/wp-json\/wp\/v2\/comments?post=2120"}],"version-history":[{"count":2,"href":"https:\/\/carolin-emcke.de\/en\/wp-json\/wp\/v2\/posts\/2120\/revisions"}],"predecessor-version":[{"id":2124,"href":"https:\/\/carolin-emcke.de\/en\/wp-json\/wp\/v2\/posts\/2120\/revisions\/2124"}],"wp:attachment":[{"href":"https:\/\/carolin-emcke.de\/en\/wp-json\/wp\/v2\/media?parent=2120"}],"wp:term":[{"taxonomy":"category","embeddable":true,"href":"https:\/\/carolin-emcke.de\/en\/wp-json\/wp\/v2\/categories?post=2120"},{"taxonomy":"post_tag","embeddable":true,"href":"https:\/\/carolin-emcke.de\/en\/wp-json\/wp\/v2\/tags?post=2120"}],"curies":[{"name":"wp","href":"https:\/\/api.w.org\/{rel}","templated":true}]}}