{"id":2102,"date":"2020-04-05T11:09:45","date_gmt":"2020-04-05T09:09:45","guid":{"rendered":"https:\/\/carolin-emcke.de\/politisch-persoenliche-notizen-zur-corona-krise-2\/"},"modified":"2020-04-05T11:09:45","modified_gmt":"2020-04-05T09:09:45","slug":"politisch-persoenliche-notizen-zur-corona-krise-2","status":"publish","type":"post","link":"https:\/\/carolin-emcke.de\/en\/politisch-persoenliche-notizen-zur-corona-krise-2\/","title":{"rendered":"Politisch-pers\u00f6nliche Notizen zur Corona-Krise"},"content":{"rendered":"<p>Woche 2: Vom Zorn \u00fcber Europa, von der Liedauswahl beim H\u00e4ndewaschen \u2013 und der Frage nach dem \u201eDanach\u201c.<\/p>\n<p><a href=\"https:\/\/projekte.sueddeutsche.de\/artikel\/politik\/corona-krise-journal-in-zeiten-der-pandemie-e882426\/?autologin=true\">Zum Journal<\/a><\/p>\n","protected":false},"excerpt":{"rendered":"<p>Woche 2: Vom Zorn \u00fcber Europa, von der Liedauswahl beim H\u00e4ndewaschen \u2013 und der Frage nach dem \u201eDanach\u201c.<\/br> <a href=\"https:\/\/projekte.sueddeutsche.de\/artikel\/politik\/corona-krise-journal-in-zeiten-der-pandemie-e882426\/?autologin=true\">Zum Journal<\/a><\/p>\n","protected":false},"author":4,"featured_media":0,"comment_status":"closed","ping_status":"closed","sticky":false,"template":"","format":"standard","meta":{"footnotes":""},"categories":[162],"tags":[],"class_list":["post-2102","post","type-post","status-publish","format-standard","hentry","category-columns"],"_links":{"self":[{"href":"https:\/\/carolin-emcke.de\/en\/wp-json\/wp\/v2\/posts\/2102","targetHints":{"allow":["GET"]}}],"collection":[{"href":"https:\/\/carolin-emcke.de\/en\/wp-json\/wp\/v2\/posts"}],"about":[{"href":"https:\/\/carolin-emcke.de\/en\/wp-json\/wp\/v2\/types\/post"}],"author":[{"embeddable":true,"href":"https:\/\/carolin-emcke.de\/en\/wp-json\/wp\/v2\/users\/4"}],"replies":[{"embeddable":true,"href":"https:\/\/carolin-emcke.de\/en\/wp-json\/wp\/v2\/comments?post=2102"}],"version-history":[{"count":0,"href":"https:\/\/carolin-emcke.de\/en\/wp-json\/wp\/v2\/posts\/2102\/revisions"}],"wp:attachment":[{"href":"https:\/\/carolin-emcke.de\/en\/wp-json\/wp\/v2\/media?parent=2102"}],"wp:term":[{"taxonomy":"category","embeddable":true,"href":"https:\/\/carolin-emcke.de\/en\/wp-json\/wp\/v2\/categories?post=2102"},{"taxonomy":"post_tag","embeddable":true,"href":"https:\/\/carolin-emcke.de\/en\/wp-json\/wp\/v2\/tags?post=2102"}],"curies":[{"name":"wp","href":"https:\/\/api.w.org\/{rel}","templated":true}]}}