{"id":1946,"date":"2019-07-15T10:08:42","date_gmt":"2019-07-15T08:08:42","guid":{"rendered":"https:\/\/carolin-emcke.de\/die-ethische-last-der-reportage\/"},"modified":"2019-07-15T10:08:42","modified_gmt":"2019-07-15T08:08:42","slug":"die-ethische-last-der-reportage","status":"publish","type":"post","link":"https:\/\/carolin-emcke.de\/en\/die-ethische-last-der-reportage\/","title":{"rendered":"Die ethische Last der Reportage"},"content":{"rendered":"<p>Was k\u00f6nnen die Medien, was k\u00f6nnen wir tun, um der Vertrauenskrise des Journalismus zu begegnen? Carolin Emcke im Gespr\u00e4ch mit\u00a0Ren\u00e9 Aguigah auf Deutschlandfunk Kultur.<\/p>\n<p><a href=\"https:\/\/www.deutschlandfunkkultur.de\/publizistin-carolin-emcke-wie-guter-journalismus-heute.3991.de.html?dram:article_id=453863\">Zum Beitrag<\/a><\/p>\n","protected":false},"excerpt":{"rendered":"<p>Was k\u00f6nnen die Medien, was k\u00f6nnen wir tun, um der Vertrauenskrise des Journalismus zu begegnen? Carolin Emcke im Gespr\u00e4ch mit\u00a0Ren\u00e9 Aguigah auf Deutschlandfunk Kultur.<\/br> <a href=\"https:\/\/www.deutschlandfunkkultur.de\/publizistin-carolin-emcke-wie-guter-journalismus-heute.3991.de.html?dram:article_id=453863\">Zum Beitrag<\/a><\/p>\n","protected":false},"author":4,"featured_media":0,"comment_status":"closed","ping_status":"closed","sticky":false,"template":"","format":"standard","meta":{"footnotes":""},"categories":[157],"tags":[],"class_list":["post-1946","post","type-post","status-publish","format-standard","hentry","category-interviews-and-speeches"],"_links":{"self":[{"href":"https:\/\/carolin-emcke.de\/en\/wp-json\/wp\/v2\/posts\/1946","targetHints":{"allow":["GET"]}}],"collection":[{"href":"https:\/\/carolin-emcke.de\/en\/wp-json\/wp\/v2\/posts"}],"about":[{"href":"https:\/\/carolin-emcke.de\/en\/wp-json\/wp\/v2\/types\/post"}],"author":[{"embeddable":true,"href":"https:\/\/carolin-emcke.de\/en\/wp-json\/wp\/v2\/users\/4"}],"replies":[{"embeddable":true,"href":"https:\/\/carolin-emcke.de\/en\/wp-json\/wp\/v2\/comments?post=1946"}],"version-history":[{"count":0,"href":"https:\/\/carolin-emcke.de\/en\/wp-json\/wp\/v2\/posts\/1946\/revisions"}],"wp:attachment":[{"href":"https:\/\/carolin-emcke.de\/en\/wp-json\/wp\/v2\/media?parent=1946"}],"wp:term":[{"taxonomy":"category","embeddable":true,"href":"https:\/\/carolin-emcke.de\/en\/wp-json\/wp\/v2\/categories?post=1946"},{"taxonomy":"post_tag","embeddable":true,"href":"https:\/\/carolin-emcke.de\/en\/wp-json\/wp\/v2\/tags?post=1946"}],"curies":[{"name":"wp","href":"https:\/\/api.w.org\/{rel}","templated":true}]}}