{"id":1168,"date":"2017-12-29T09:21:23","date_gmt":"2017-12-29T08:21:23","guid":{"rendered":"http:\/\/carolin-emcke.de\/aufhoeren-ueber-das-was-wir-uns-abgewoehnen-sollten\/"},"modified":"2018-07-10T16:46:03","modified_gmt":"2018-07-10T14:46:03","slug":"aufhoeren-ueber-das-was-wir-uns-abgewoehnen-sollten","status":"publish","type":"post","link":"https:\/\/carolin-emcke.de\/en\/aufhoeren-ueber-das-was-wir-uns-abgewoehnen-sollten\/","title":{"rendered":"Aufh\u00f6ren! \u00dcber das, was wir uns abgew\u00f6hnen sollten"},"content":{"rendered":"<p>Zu Heiligabend fragte Barbara Bleisch Carolin Emcke, womit wir endlich Schluss machen sollten und welche Visionen wir brauchen.<\/p>\n<p><a href=\"https:\/\/www.srf.ch\/play\/tv\/sternstunde-philosophie\/video\/aufhoeren-carolin-emcke-ueber-das-was-wir-uns-abgewoehnen-sollten?id=c77c3448-76e8-4ea3-a911-d0c24c84d677\">Carolin Emcke zu Gast in der &#8220;Sternstunde Philosophie&#8221; vom 24.12.2017<\/a><\/p>\n","protected":false},"excerpt":{"rendered":"<p>Zu Heiligabend fragte Barbara Bleisch Carolin Emcke, womit wir endlich Schluss machen sollten und welche Visionen wir brauchen. <\/br> <a href=\"https:\/\/www.srf.ch\/play\/tv\/sternstunde-philosophie\/video\/aufhoeren-carolin-emcke-ueber-das-was-wir-uns-abgewoehnen-sollten?id=c77c3448-76e8-4ea3-a911-d0c24c84d677\">Carolin Emcke zu Gast in der &#8220;Sternstunde Philosophie&#8221; vom 24.12.2017<\/a><\/p>\n","protected":false},"author":4,"featured_media":0,"comment_status":"closed","ping_status":"closed","sticky":false,"template":"","format":"standard","meta":{"footnotes":""},"categories":[157],"tags":[],"class_list":["post-1168","post","type-post","status-publish","format-standard","hentry","category-interviews-and-speeches"],"_links":{"self":[{"href":"https:\/\/carolin-emcke.de\/en\/wp-json\/wp\/v2\/posts\/1168","targetHints":{"allow":["GET"]}}],"collection":[{"href":"https:\/\/carolin-emcke.de\/en\/wp-json\/wp\/v2\/posts"}],"about":[{"href":"https:\/\/carolin-emcke.de\/en\/wp-json\/wp\/v2\/types\/post"}],"author":[{"embeddable":true,"href":"https:\/\/carolin-emcke.de\/en\/wp-json\/wp\/v2\/users\/4"}],"replies":[{"embeddable":true,"href":"https:\/\/carolin-emcke.de\/en\/wp-json\/wp\/v2\/comments?post=1168"}],"version-history":[{"count":1,"href":"https:\/\/carolin-emcke.de\/en\/wp-json\/wp\/v2\/posts\/1168\/revisions"}],"predecessor-version":[{"id":1297,"href":"https:\/\/carolin-emcke.de\/en\/wp-json\/wp\/v2\/posts\/1168\/revisions\/1297"}],"wp:attachment":[{"href":"https:\/\/carolin-emcke.de\/en\/wp-json\/wp\/v2\/media?parent=1168"}],"wp:term":[{"taxonomy":"category","embeddable":true,"href":"https:\/\/carolin-emcke.de\/en\/wp-json\/wp\/v2\/categories?post=1168"},{"taxonomy":"post_tag","embeddable":true,"href":"https:\/\/carolin-emcke.de\/en\/wp-json\/wp\/v2\/tags?post=1168"}],"curies":[{"name":"wp","href":"https:\/\/api.w.org\/{rel}","templated":true}]}}