{"id":1167,"date":"2018-01-22T09:12:46","date_gmt":"2018-01-22T08:12:46","guid":{"rendered":"http:\/\/carolin-emcke.de\/es-will-doch-niemand-das-flirten-untersagen\/"},"modified":"2018-07-10T16:42:44","modified_gmt":"2018-07-10T14:42:44","slug":"es-will-doch-niemand-das-flirten-untersagen","status":"publish","type":"post","link":"https:\/\/carolin-emcke.de\/en\/es-will-doch-niemand-das-flirten-untersagen\/","title":{"rendered":"&#8220;Es will doch niemand das Flirten untersagen&#8221;"},"content":{"rendered":"<p>\u00dcber queere Sexualit\u00e4t, #metoo und warum die soziale Frage und die der politischen Anerkennung zusammengeh\u00f6ren.<\/p>\n<p><a href=\"http:\/\/www.deutschlandfunkkultur.de\/carolin-emcke-zu-metoo-es-will-doch-niemand-das-flirten.974.de.html?dram:article_id=408821\">Carolin Emcke im Gespr\u00e4ch mit Ren\u00e9 Aguigah<\/a><\/p>\n","protected":false},"excerpt":{"rendered":"<p>\u00dcber queere Sexualit\u00e4t, #metoo und warum die soziale Frage und die der politischen Anerkennung zusammengeh\u00f6ren.<\/br> <a href=\"http:\/\/www.deutschlandfunkkultur.de\/carolin-emcke-zu-metoo-es-will-doch-niemand-das-flirten.974.de.html?dram:article_id=408821\">Carolin Emcke im Gespr\u00e4ch mit Ren\u00e9 Aguigah<\/a><\/p>\n","protected":false},"author":4,"featured_media":0,"comment_status":"closed","ping_status":"closed","sticky":false,"template":"","format":"standard","meta":{"footnotes":""},"categories":[157],"tags":[],"class_list":["post-1167","post","type-post","status-publish","format-standard","hentry","category-interviews-and-speeches"],"_links":{"self":[{"href":"https:\/\/carolin-emcke.de\/en\/wp-json\/wp\/v2\/posts\/1167","targetHints":{"allow":["GET"]}}],"collection":[{"href":"https:\/\/carolin-emcke.de\/en\/wp-json\/wp\/v2\/posts"}],"about":[{"href":"https:\/\/carolin-emcke.de\/en\/wp-json\/wp\/v2\/types\/post"}],"author":[{"embeddable":true,"href":"https:\/\/carolin-emcke.de\/en\/wp-json\/wp\/v2\/users\/4"}],"replies":[{"embeddable":true,"href":"https:\/\/carolin-emcke.de\/en\/wp-json\/wp\/v2\/comments?post=1167"}],"version-history":[{"count":2,"href":"https:\/\/carolin-emcke.de\/en\/wp-json\/wp\/v2\/posts\/1167\/revisions"}],"predecessor-version":[{"id":1294,"href":"https:\/\/carolin-emcke.de\/en\/wp-json\/wp\/v2\/posts\/1167\/revisions\/1294"}],"wp:attachment":[{"href":"https:\/\/carolin-emcke.de\/en\/wp-json\/wp\/v2\/media?parent=1167"}],"wp:term":[{"taxonomy":"category","embeddable":true,"href":"https:\/\/carolin-emcke.de\/en\/wp-json\/wp\/v2\/categories?post=1167"},{"taxonomy":"post_tag","embeddable":true,"href":"https:\/\/carolin-emcke.de\/en\/wp-json\/wp\/v2\/tags?post=1167"}],"curies":[{"name":"wp","href":"https:\/\/api.w.org\/{rel}","templated":true}]}}